{"id":979,"date":"2024-10-18T17:00:45","date_gmt":"2024-10-18T23:00:45","guid":{"rendered":"https:\/\/iepac.mx\/revista-tu-voz\/?p=979"},"modified":"2024-10-23T17:46:18","modified_gmt":"2024-10-23T23:46:18","slug":"elecciones-extraordinarias","status":"publish","type":"post","link":"https:\/\/iepac.mx\/revista-tu-voz\/?p=979","title":{"rendered":"Elecciones extraordinarias"},"content":{"rendered":"\n<figure class=\"wp-block-image size-large\"><img loading=\"lazy\" decoding=\"async\" width=\"1024\" height=\"362\" src=\"https:\/\/iepac.mx\/revista-tu-voz\/wp-content\/uploads\/2024\/10\/Imagen-1024x362.jpg\" alt=\"\" class=\"wp-image-980\" srcset=\"https:\/\/iepac.mx\/revista-tu-voz\/wp-content\/uploads\/2024\/10\/Imagen-1024x362.jpg 1024w, https:\/\/iepac.mx\/revista-tu-voz\/wp-content\/uploads\/2024\/10\/Imagen-300x106.jpg 300w, https:\/\/iepac.mx\/revista-tu-voz\/wp-content\/uploads\/2024\/10\/Imagen-768x272.jpg 768w, https:\/\/iepac.mx\/revista-tu-voz\/wp-content\/uploads\/2024\/10\/Imagen-1536x543.jpg 1536w, https:\/\/iepac.mx\/revista-tu-voz\/wp-content\/uploads\/2024\/10\/Imagen-2048x725.jpg 2048w\" sizes=\"auto, (max-width: 1024px) 100vw, 1024px\" \/><\/figure>\n\n\n\n<p>El Consejo General del Instituto Electoral y de Participaci\u00f3n Ciudadana de Yucat\u00e1n declar\u00f3 el pasado 3 de octubre el inicio formal del Proceso Electoral Extraordinario 2024 para elegir regidur\u00edas de los municipios de Chichimil\u00e1 e Izamal en la jornada electoral del 24 de noviembre.<\/p>\n\n\n\n<p>En Sesi\u00f3n Extraordinaria fue aprobado el acuerdo que establece el calendario con fechas y se ajustaron y adecuaron los plazos y t\u00e9rminos establecidos en la Ley de Instituciones y Procedimientos Electorales del Estado de Yucat\u00e1n, de las respectivas etapas para la elecci\u00f3n de regidur\u00edas de mayor\u00eda relativa y representaci\u00f3n proporcional que integrar\u00e1n los ayuntamientos de los referidos municipios.<\/p>\n\n\n\n<figure class=\"wp-block-image size-large\"><img loading=\"lazy\" decoding=\"async\" width=\"768\" height=\"1024\" src=\"https:\/\/iepac.mx\/revista-tu-voz\/wp-content\/uploads\/2024\/10\/Calendario-Elecciones-Extraordinarias-2024_page-0001-768x1024.jpg\" alt=\"\" class=\"wp-image-981\" srcset=\"https:\/\/iepac.mx\/revista-tu-voz\/wp-content\/uploads\/2024\/10\/Calendario-Elecciones-Extraordinarias-2024_page-0001-768x1024.jpg 768w, https:\/\/iepac.mx\/revista-tu-voz\/wp-content\/uploads\/2024\/10\/Calendario-Elecciones-Extraordinarias-2024_page-0001-225x300.jpg 225w, https:\/\/iepac.mx\/revista-tu-voz\/wp-content\/uploads\/2024\/10\/Calendario-Elecciones-Extraordinarias-2024_page-0001-1152x1536.jpg 1152w, https:\/\/iepac.mx\/revista-tu-voz\/wp-content\/uploads\/2024\/10\/Calendario-Elecciones-Extraordinarias-2024_page-0001-1536x2048.jpg 1536w, https:\/\/iepac.mx\/revista-tu-voz\/wp-content\/uploads\/2024\/10\/Calendario-Elecciones-Extraordinarias-2024_page-0001-scaled.jpg 1920w\" sizes=\"auto, (max-width: 768px) 100vw, 768px\" \/><\/figure>\n\n\n\n<p>Tambi\u00e9n se aprob\u00f3 la convocatoria para participar como Observadora u Observador Electoral que estar\u00e1 abierta hasta el 9 de noviembre. Las personas interesadas en participar observando los actos de preparaci\u00f3n y desarrollo de este Proceso Electoral Extraordinario podr\u00e1n consultar m\u00e1s informaci\u00f3n en el apartado referente al mismo en la p\u00e1gina www.iepac.mx y registrarse en <a href=\"https:\/\/ext2024-observadores.ine.mx\/\">https:\/\/ext2024-observadores.ine.mx<\/a><\/p>\n\n\n\n<p>Si quieres saber m\u00e1s sobre este Proceso Electoral Extraordinario te invitamos a visitar el sitio <a href=\"https:\/\/www.iepac.mx\/proceso-electoral-extraordinario-202\">https:\/\/www.iepac.mx\/proceso-electoral-extraordinario-2024<\/a> con informaci\u00f3n al respecto.<\/p>\n","protected":false},"excerpt":{"rendered":"<p>El Consejo General del Instituto Electoral y de Participaci\u00f3n Ciudadana de Yucat\u00e1n declar\u00f3 el pasado 3 de octubre el inicio formal del Proceso Electoral Extraordinario 2024 para elegir regidur\u00edas de los municipios de Chichimil\u00e1 e Izamal en la jornada electoral del 24 de noviembre. En Sesi\u00f3n Extraordinaria fue aprobado el acuerdo que establece el calendario [&hellip;]<\/p>\n","protected":false},"author":1,"featured_media":991,"comment_status":"closed","ping_status":"closed","sticky":false,"template":"","format":"standard","meta":{"_themeisle_gutenberg_block_has_review":false,"footnotes":""},"categories":[11],"tags":[],"class_list":["post-979","post","type-post","status-publish","format-standard","has-post-thumbnail","hentry","category-proceso-electoral-extraordinario"],"yoast_head":"<!-- This site is optimized with the Yoast SEO plugin v21.5 - https:\/\/yoast.com\/wordpress\/plugins\/seo\/ -->\n<title>Elecciones extraordinarias - Revista Ka T&#039;aan<\/title>\n<meta name=\"robots\" content=\"index, follow, max-snippet:-1, max-image-preview:large, max-video-preview:-1\" \/>\n<link rel=\"canonical\" href=\"https:\/\/iepac.mx\/revista-tu-voz\/?p=979\" \/>\n<meta property=\"og:locale\" content=\"es_MX\" \/>\n<meta property=\"og:type\" content=\"article\" \/>\n<meta property=\"og:title\" content=\"Elecciones extraordinarias - Revista Ka T&#039;aan\" \/>\n<meta property=\"og:description\" content=\"El Consejo General del Instituto Electoral y de Participaci\u00f3n Ciudadana de Yucat\u00e1n declar\u00f3 el pasado 3 de octubre el inicio formal del Proceso Electoral Extraordinario 2024 para elegir regidur\u00edas de los municipios de Chichimil\u00e1 e Izamal en la jornada electoral del 24 de noviembre. En Sesi\u00f3n Extraordinaria fue aprobado el acuerdo que establece el calendario [&hellip;]\" \/>\n<meta property=\"og:url\" content=\"https:\/\/iepac.mx\/revista-tu-voz\/?p=979\" \/>\n<meta property=\"og:site_name\" content=\"Revista Ka T&#039;aan\" \/>\n<meta property=\"article:published_time\" content=\"2024-10-18T23:00:45+00:00\" \/>\n<meta property=\"article:modified_time\" content=\"2024-10-23T23:46:18+00:00\" \/>\n<meta property=\"og:image\" content=\"https:\/\/iepac.mx\/revista-tu-voz\/wp-content\/uploads\/2024\/10\/sesion2-scaled.jpg\" \/>\n\t<meta property=\"og:image:width\" content=\"2560\" \/>\n\t<meta property=\"og:image:height\" content=\"1032\" \/>\n\t<meta property=\"og:image:type\" content=\"image\/jpeg\" \/>\n<meta name=\"author\" content=\"admin\" \/>\n<meta name=\"twitter:card\" content=\"summary_large_image\" \/>\n<meta name=\"twitter:label1\" content=\"Escrito por\" \/>\n\t<meta name=\"twitter:data1\" content=\"admin\" \/>\n\t<meta name=\"twitter:label2\" content=\"Tiempo de lectura\" \/>\n\t<meta name=\"twitter:data2\" content=\"2 minutos\" \/>\n<script type=\"application\/ld+json\" class=\"yoast-schema-graph\">{\"@context\":\"https:\/\/schema.org\",\"@graph\":[{\"@type\":\"Article\",\"@id\":\"https:\/\/iepac.mx\/revista-tu-voz\/?p=979#article\",\"isPartOf\":{\"@id\":\"https:\/\/iepac.mx\/revista-tu-voz\/?p=979\"},\"author\":{\"name\":\"admin\",\"@id\":\"https:\/\/iepac.mx\/revista-tu-voz\/#\/schema\/person\/794f6f5771e9f0a4d1fe61d463c2df7f\"},\"headline\":\"Elecciones extraordinarias\",\"datePublished\":\"2024-10-18T23:00:45+00:00\",\"dateModified\":\"2024-10-23T23:46:18+00:00\",\"mainEntityOfPage\":{\"@id\":\"https:\/\/iepac.mx\/revista-tu-voz\/?p=979\"},\"wordCount\":204,\"publisher\":{\"@id\":\"https:\/\/iepac.mx\/revista-tu-voz\/#organization\"},\"articleSection\":[\"Proceso Electoral Extraordinario\"],\"inLanguage\":\"es\"},{\"@type\":\"WebPage\",\"@id\":\"https:\/\/iepac.mx\/revista-tu-voz\/?p=979\",\"url\":\"https:\/\/iepac.mx\/revista-tu-voz\/?p=979\",\"name\":\"Elecciones extraordinarias - Revista Ka T&#039;aan\",\"isPartOf\":{\"@id\":\"https:\/\/iepac.mx\/revista-tu-voz\/#website\"},\"datePublished\":\"2024-10-18T23:00:45+00:00\",\"dateModified\":\"2024-10-23T23:46:18+00:00\",\"breadcrumb\":{\"@id\":\"https:\/\/iepac.mx\/revista-tu-voz\/?p=979#breadcrumb\"},\"inLanguage\":\"es\",\"potentialAction\":[{\"@type\":\"ReadAction\",\"target\":[\"https:\/\/iepac.mx\/revista-tu-voz\/?p=979\"]}]},{\"@type\":\"BreadcrumbList\",\"@id\":\"https:\/\/iepac.mx\/revista-tu-voz\/?p=979#breadcrumb\",\"itemListElement\":[{\"@type\":\"ListItem\",\"position\":1,\"name\":\"Inicio\",\"item\":\"https:\/\/iepac.mx\/revista-tu-voz\"},{\"@type\":\"ListItem\",\"position\":2,\"name\":\"Elecciones extraordinarias\"}]},{\"@type\":\"WebSite\",\"@id\":\"https:\/\/iepac.mx\/revista-tu-voz\/#website\",\"url\":\"https:\/\/iepac.mx\/revista-tu-voz\/\",\"name\":\"Revista Ka T&#039;aan\",\"description\":\"Un espacio donde se expresa Tu Voz\",\"publisher\":{\"@id\":\"https:\/\/iepac.mx\/revista-tu-voz\/#organization\"},\"potentialAction\":[{\"@type\":\"SearchAction\",\"target\":{\"@type\":\"EntryPoint\",\"urlTemplate\":\"https:\/\/iepac.mx\/revista-tu-voz\/?s={search_term_string}\"},\"query-input\":\"required name=search_term_string\"}],\"inLanguage\":\"es\"},{\"@type\":\"Organization\",\"@id\":\"https:\/\/iepac.mx\/revista-tu-voz\/#organization\",\"name\":\"Revista Ka T&#039;aan\",\"url\":\"https:\/\/iepac.mx\/revista-tu-voz\/\",\"logo\":{\"@type\":\"ImageObject\",\"inLanguage\":\"es\",\"@id\":\"https:\/\/iepac.mx\/revista-tu-voz\/#\/schema\/logo\/image\/\",\"url\":\"https:\/\/iepac.mx\/revista-tu-voz\/wp-content\/uploads\/2023\/02\/cropped-LOGO-KATAAN.png\",\"contentUrl\":\"https:\/\/iepac.mx\/revista-tu-voz\/wp-content\/uploads\/2023\/02\/cropped-LOGO-KATAAN.png\",\"width\":300,\"height\":138,\"caption\":\"Revista Ka T&#039;aan\"},\"image\":{\"@id\":\"https:\/\/iepac.mx\/revista-tu-voz\/#\/schema\/logo\/image\/\"}},{\"@type\":\"Person\",\"@id\":\"https:\/\/iepac.mx\/revista-tu-voz\/#\/schema\/person\/794f6f5771e9f0a4d1fe61d463c2df7f\",\"name\":\"admin\",\"image\":{\"@type\":\"ImageObject\",\"inLanguage\":\"es\",\"@id\":\"https:\/\/iepac.mx\/revista-tu-voz\/#\/schema\/person\/image\/\",\"url\":\"https:\/\/secure.gravatar.com\/avatar\/8c61b4efc75edc35627eb5f777325c9170d14c87c67d8c2e0d1bc212d89374bc?s=96&d=mm&r=g\",\"contentUrl\":\"https:\/\/secure.gravatar.com\/avatar\/8c61b4efc75edc35627eb5f777325c9170d14c87c67d8c2e0d1bc212d89374bc?s=96&d=mm&r=g\",\"caption\":\"admin\"},\"sameAs\":[\"https:\/\/iepac.mx\/revista-tu-voz\"],\"url\":\"https:\/\/iepac.mx\/revista-tu-voz\/?author=1\"}]}<\/script>\n<!-- \/ Yoast SEO plugin. -->","yoast_head_json":{"title":"Elecciones extraordinarias - Revista Ka T&#039;aan","robots":{"index":"index","follow":"follow","max-snippet":"max-snippet:-1","max-image-preview":"max-image-preview:large","max-video-preview":"max-video-preview:-1"},"canonical":"https:\/\/iepac.mx\/revista-tu-voz\/?p=979","og_locale":"es_MX","og_type":"article","og_title":"Elecciones extraordinarias - Revista Ka T&#039;aan","og_description":"El Consejo General del Instituto Electoral y de Participaci\u00f3n Ciudadana de Yucat\u00e1n declar\u00f3 el pasado 3 de octubre el inicio formal del Proceso Electoral Extraordinario 2024 para elegir regidur\u00edas de los municipios de Chichimil\u00e1 e Izamal en la jornada electoral del 24 de noviembre. En Sesi\u00f3n Extraordinaria fue aprobado el acuerdo que establece el calendario [&hellip;]","og_url":"https:\/\/iepac.mx\/revista-tu-voz\/?p=979","og_site_name":"Revista Ka T&#039;aan","article_published_time":"2024-10-18T23:00:45+00:00","article_modified_time":"2024-10-23T23:46:18+00:00","og_image":[{"width":2560,"height":1032,"url":"https:\/\/iepac.mx\/revista-tu-voz\/wp-content\/uploads\/2024\/10\/sesion2-scaled.jpg","type":"image\/jpeg"}],"author":"admin","twitter_card":"summary_large_image","twitter_misc":{"Escrito por":"admin","Tiempo de lectura":"2 minutos"},"schema":{"@context":"https:\/\/schema.org","@graph":[{"@type":"Article","@id":"https:\/\/iepac.mx\/revista-tu-voz\/?p=979#article","isPartOf":{"@id":"https:\/\/iepac.mx\/revista-tu-voz\/?p=979"},"author":{"name":"admin","@id":"https:\/\/iepac.mx\/revista-tu-voz\/#\/schema\/person\/794f6f5771e9f0a4d1fe61d463c2df7f"},"headline":"Elecciones extraordinarias","datePublished":"2024-10-18T23:00:45+00:00","dateModified":"2024-10-23T23:46:18+00:00","mainEntityOfPage":{"@id":"https:\/\/iepac.mx\/revista-tu-voz\/?p=979"},"wordCount":204,"publisher":{"@id":"https:\/\/iepac.mx\/revista-tu-voz\/#organization"},"articleSection":["Proceso Electoral Extraordinario"],"inLanguage":"es"},{"@type":"WebPage","@id":"https:\/\/iepac.mx\/revista-tu-voz\/?p=979","url":"https:\/\/iepac.mx\/revista-tu-voz\/?p=979","name":"Elecciones extraordinarias - Revista Ka T&#039;aan","isPartOf":{"@id":"https:\/\/iepac.mx\/revista-tu-voz\/#website"},"datePublished":"2024-10-18T23:00:45+00:00","dateModified":"2024-10-23T23:46:18+00:00","breadcrumb":{"@id":"https:\/\/iepac.mx\/revista-tu-voz\/?p=979#breadcrumb"},"inLanguage":"es","potentialAction":[{"@type":"ReadAction","target":["https:\/\/iepac.mx\/revista-tu-voz\/?p=979"]}]},{"@type":"BreadcrumbList","@id":"https:\/\/iepac.mx\/revista-tu-voz\/?p=979#breadcrumb","itemListElement":[{"@type":"ListItem","position":1,"name":"Inicio","item":"https:\/\/iepac.mx\/revista-tu-voz"},{"@type":"ListItem","position":2,"name":"Elecciones extraordinarias"}]},{"@type":"WebSite","@id":"https:\/\/iepac.mx\/revista-tu-voz\/#website","url":"https:\/\/iepac.mx\/revista-tu-voz\/","name":"Revista Ka T&#039;aan","description":"Un espacio donde se expresa Tu Voz","publisher":{"@id":"https:\/\/iepac.mx\/revista-tu-voz\/#organization"},"potentialAction":[{"@type":"SearchAction","target":{"@type":"EntryPoint","urlTemplate":"https:\/\/iepac.mx\/revista-tu-voz\/?s={search_term_string}"},"query-input":"required name=search_term_string"}],"inLanguage":"es"},{"@type":"Organization","@id":"https:\/\/iepac.mx\/revista-tu-voz\/#organization","name":"Revista Ka T&#039;aan","url":"https:\/\/iepac.mx\/revista-tu-voz\/","logo":{"@type":"ImageObject","inLanguage":"es","@id":"https:\/\/iepac.mx\/revista-tu-voz\/#\/schema\/logo\/image\/","url":"https:\/\/iepac.mx\/revista-tu-voz\/wp-content\/uploads\/2023\/02\/cropped-LOGO-KATAAN.png","contentUrl":"https:\/\/iepac.mx\/revista-tu-voz\/wp-content\/uploads\/2023\/02\/cropped-LOGO-KATAAN.png","width":300,"height":138,"caption":"Revista Ka T&#039;aan"},"image":{"@id":"https:\/\/iepac.mx\/revista-tu-voz\/#\/schema\/logo\/image\/"}},{"@type":"Person","@id":"https:\/\/iepac.mx\/revista-tu-voz\/#\/schema\/person\/794f6f5771e9f0a4d1fe61d463c2df7f","name":"admin","image":{"@type":"ImageObject","inLanguage":"es","@id":"https:\/\/iepac.mx\/revista-tu-voz\/#\/schema\/person\/image\/","url":"https:\/\/secure.gravatar.com\/avatar\/8c61b4efc75edc35627eb5f777325c9170d14c87c67d8c2e0d1bc212d89374bc?s=96&d=mm&r=g","contentUrl":"https:\/\/secure.gravatar.com\/avatar\/8c61b4efc75edc35627eb5f777325c9170d14c87c67d8c2e0d1bc212d89374bc?s=96&d=mm&r=g","caption":"admin"},"sameAs":["https:\/\/iepac.mx\/revista-tu-voz"],"url":"https:\/\/iepac.mx\/revista-tu-voz\/?author=1"}]}},"jetpack_featured_media_url":"https:\/\/iepac.mx\/revista-tu-voz\/wp-content\/uploads\/2024\/10\/sesion2-scaled.jpg","_links":{"self":[{"href":"https:\/\/iepac.mx\/revista-tu-voz\/index.php?rest_route=\/wp\/v2\/posts\/979","targetHints":{"allow":["GET"]}}],"collection":[{"href":"https:\/\/iepac.mx\/revista-tu-voz\/index.php?rest_route=\/wp\/v2\/posts"}],"about":[{"href":"https:\/\/iepac.mx\/revista-tu-voz\/index.php?rest_route=\/wp\/v2\/types\/post"}],"author":[{"embeddable":true,"href":"https:\/\/iepac.mx\/revista-tu-voz\/index.php?rest_route=\/wp\/v2\/users\/1"}],"replies":[{"embeddable":true,"href":"https:\/\/iepac.mx\/revista-tu-voz\/index.php?rest_route=%2Fwp%2Fv2%2Fcomments&post=979"}],"version-history":[{"count":2,"href":"https:\/\/iepac.mx\/revista-tu-voz\/index.php?rest_route=\/wp\/v2\/posts\/979\/revisions"}],"predecessor-version":[{"id":992,"href":"https:\/\/iepac.mx\/revista-tu-voz\/index.php?rest_route=\/wp\/v2\/posts\/979\/revisions\/992"}],"wp:featuredmedia":[{"embeddable":true,"href":"https:\/\/iepac.mx\/revista-tu-voz\/index.php?rest_route=\/wp\/v2\/media\/991"}],"wp:attachment":[{"href":"https:\/\/iepac.mx\/revista-tu-voz\/index.php?rest_route=%2Fwp%2Fv2%2Fmedia&parent=979"}],"wp:term":[{"taxonomy":"category","embeddable":true,"href":"https:\/\/iepac.mx\/revista-tu-voz\/index.php?rest_route=%2Fwp%2Fv2%2Fcategories&post=979"},{"taxonomy":"post_tag","embeddable":true,"href":"https:\/\/iepac.mx\/revista-tu-voz\/index.php?rest_route=%2Fwp%2Fv2%2Ftags&post=979"}],"curies":[{"name":"wp","href":"https:\/\/api.w.org\/{rel}","templated":true}]}}