{"id":22,"date":"2023-02-09T14:02:34","date_gmt":"2023-02-09T20:02:34","guid":{"rendered":"https:\/\/iepac.mx\/revista-tu-voz\/?p=22"},"modified":"2023-12-20T17:05:23","modified_gmt":"2023-12-20T23:05:23","slug":"la-democracia-en-tiempos-modernos","status":"publish","type":"post","link":"https:\/\/iepac.mx\/revista-tu-voz\/?p=22","title":{"rendered":"Democracia y redes sociales"},"content":{"rendered":"\n<p>Las redes sociales son una herramienta de comunicaci\u00f3n que puede ser \u00fatil, no s\u00f3lo para relajarse o crear comunidad, sino tambi\u00e9n para el libre ejercicio de los derechos pol\u00edticos y electorales.<\/p>\n\n\n\n<p>No obstante, informarse correctamente, con diversas fuentes m\u00e1s all\u00e1 de lo que ofrece la red, es esencial para evitar ser v\u00edctima de las denominadas noticias falsas o <em>fake news<\/em>. <\/p>\n\n\n\n<p>Autores como Byung-Chul Han han acu\u00f1ado t\u00e9rminos como Infocracia para determinar el efecto que tiene la necesidad de inmediatez en nuestros tiempos. <\/p>\n\n\n\n<p>Tenemos m\u00e1s informaci\u00f3n, constante, pero la forma en que est\u00e1n dise\u00f1adas las redes sociales nos limita a recibir mayoritariamente s\u00f3lo una parte de la realidad, aquella que el algoritmo nos impone al estudiar nuestros gustos, preferencias o inquietudes a trav\u00e9s de las b\u00fasquedas que hacemos y van dejando huella de qu\u00e9 nos ofrecer\u00e1 la red y qu\u00e9 informaci\u00f3n nunca nos llegar\u00e1 por la selecci\u00f3n que dicho algoritmo realiza por nosotros.<\/p>\n\n\n\n<p>La falta de verificaci\u00f3n de la informaci\u00f3n que recibimos, nos puede hacer m\u00e1s susceptibles a creer noticias falsas que, en el ejercicio democr\u00e1tico, pueden inferir en nuestra percepci\u00f3n de personas, candidaturas o instituciones.<\/p>\n\n\n\n<p>Para fortalecer la democracia hagamos comunidad, pero una comunidad informada, con opiniones razonadas para ejercer plenamente el poder de decisi\u00f3n.<\/p>\n\n\n\n<p>A continuaci\u00f3n, te compartimos la opini\u00f3n del Consejero del Instituto Nacional Electoral, Uuc-kib Espadas Ancona, sobre el papel de las redes sociales en democracia.<\/p>\n\n\n\n<div style=\"height:35px\" aria-hidden=\"true\" class=\"wp-block-spacer\"><\/div>\n\n\n\n<figure class=\"wp-block-video\"><video height=\"720\" style=\"aspect-ratio: 1280 \/ 720;\" width=\"1280\" controls src=\"https:\/\/iepac.mx\/revista-tu-voz\/wp-content\/uploads\/2023\/10\/Altavoz130923Capsula1.mp4\"><\/video><\/figure>\n\n\n\n<div style=\"height:35px\" aria-hidden=\"true\" class=\"wp-block-spacer\"><\/div>\n\n\n\n<p>Existen distintos tipos de noticias falsas:<\/p>\n\n\n\n<figure class=\"wp-block-gallery has-nested-images columns-default is-cropped wp-block-gallery-1 is-layout-flex wp-block-gallery-is-layout-flex\">\n<figure class=\"wp-block-image size-large\"><img loading=\"lazy\" decoding=\"async\" width=\"1024\" height=\"865\" data-id=\"512\" src=\"https:\/\/iepac.mx\/revista-tu-voz\/wp-content\/uploads\/2023\/10\/FAKE-NEWS2-2-1024x865.png\" alt=\"\" class=\"wp-image-512\" srcset=\"https:\/\/iepac.mx\/revista-tu-voz\/wp-content\/uploads\/2023\/10\/FAKE-NEWS2-2-1024x865.png 1024w, https:\/\/iepac.mx\/revista-tu-voz\/wp-content\/uploads\/2023\/10\/FAKE-NEWS2-2-300x254.png 300w, https:\/\/iepac.mx\/revista-tu-voz\/wp-content\/uploads\/2023\/10\/FAKE-NEWS2-2-768x649.png 768w, https:\/\/iepac.mx\/revista-tu-voz\/wp-content\/uploads\/2023\/10\/FAKE-NEWS2-2.png 1200w\" sizes=\"auto, (max-width: 1024px) 100vw, 1024px\" \/><\/figure>\n<\/figure>\n\n\n\n<p>Ahora, te compartimos algunas recomendaciones para no caer en noticias falsas:<\/p>\n\n\n\n<figure class=\"wp-block-embed is-type-video is-provider-youtube wp-block-embed-youtube wp-embed-aspect-16-9 wp-has-aspect-ratio\"><div class=\"wp-block-embed__wrapper\">\n<iframe loading=\"lazy\" title=\"Ciudadan\u00eda informada\" width=\"678\" height=\"381\" src=\"https:\/\/www.youtube.com\/embed\/fqWVsaI2lrg?feature=oembed\" frameborder=\"0\" allow=\"accelerometer; autoplay; clipboard-write; encrypted-media; gyroscope; picture-in-picture; web-share\" allowfullscreen><\/iframe>\n<\/div><\/figure>\n\n\n\n\n<div class=\"has-avatars has-dates has-excerpts no-comments wp-block-latest-comments\">No hay comentarios que mostrar.<\/div>\n\n\n<div style=\"height:100px\" aria-hidden=\"true\" class=\"wp-block-spacer\"><\/div>\n","protected":false},"excerpt":{"rendered":"<p>Las redes sociales son una herramienta de comunicaci\u00f3n que puede ser \u00fatil, no s\u00f3lo para relajarse o crear comunidad, sino tambi\u00e9n para el libre ejercicio de los derechos pol\u00edticos y electorales. No obstante, informarse correctamente, con diversas fuentes m\u00e1s all\u00e1 de lo que ofrece la red, es esencial para evitar ser v\u00edctima de las denominadas [&hellip;]<\/p>\n","protected":false},"author":1,"featured_media":492,"comment_status":"open","ping_status":"closed","sticky":false,"template":"","format":"standard","meta":{"_themeisle_gutenberg_block_has_review":false,"footnotes":""},"categories":[7],"tags":[],"class_list":["post-22","post","type-post","status-publish","format-standard","has-post-thumbnail","hentry","category-elecciones-2"],"yoast_head":"<!-- This site is optimized with the Yoast SEO plugin v21.5 - https:\/\/yoast.com\/wordpress\/plugins\/seo\/ -->\n<title>Democracia y redes sociales - Revista Ka T&#039;aan<\/title>\n<meta name=\"robots\" content=\"index, follow, max-snippet:-1, max-image-preview:large, max-video-preview:-1\" \/>\n<link rel=\"canonical\" href=\"https:\/\/iepac.mx\/revista-tu-voz\/?p=22\" \/>\n<meta property=\"og:locale\" content=\"es_MX\" \/>\n<meta property=\"og:type\" content=\"article\" \/>\n<meta property=\"og:title\" content=\"Democracia y redes sociales - Revista Ka T&#039;aan\" \/>\n<meta property=\"og:description\" content=\"Las redes sociales son una herramienta de comunicaci\u00f3n que puede ser \u00fatil, no s\u00f3lo para relajarse o crear comunidad, sino tambi\u00e9n para el libre ejercicio de los derechos pol\u00edticos y electorales. No obstante, informarse correctamente, con diversas fuentes m\u00e1s all\u00e1 de lo que ofrece la red, es esencial para evitar ser v\u00edctima de las denominadas [&hellip;]\" \/>\n<meta property=\"og:url\" content=\"https:\/\/iepac.mx\/revista-tu-voz\/?p=22\" \/>\n<meta property=\"og:site_name\" content=\"Revista Ka T&#039;aan\" \/>\n<meta property=\"article:published_time\" content=\"2023-02-09T20:02:34+00:00\" \/>\n<meta property=\"article:modified_time\" content=\"2023-12-20T23:05:23+00:00\" \/>\n<meta property=\"og:image\" content=\"https:\/\/iepac.mx\/revista-tu-voz\/wp-content\/uploads\/2023\/06\/pexels-leeloo-thefirst-5428836-scaled.jpg\" \/>\n\t<meta property=\"og:image:width\" content=\"2560\" \/>\n\t<meta property=\"og:image:height\" content=\"1709\" \/>\n\t<meta property=\"og:image:type\" content=\"image\/jpeg\" \/>\n<meta name=\"author\" content=\"admin\" \/>\n<meta name=\"twitter:card\" content=\"summary_large_image\" \/>\n<meta name=\"twitter:label1\" content=\"Escrito por\" \/>\n\t<meta name=\"twitter:data1\" content=\"admin\" \/>\n\t<meta name=\"twitter:label2\" content=\"Tiempo de lectura\" \/>\n\t<meta name=\"twitter:data2\" content=\"2 minutos\" \/>\n<script type=\"application\/ld+json\" class=\"yoast-schema-graph\">{\"@context\":\"https:\/\/schema.org\",\"@graph\":[{\"@type\":\"Article\",\"@id\":\"https:\/\/iepac.mx\/revista-tu-voz\/?p=22#article\",\"isPartOf\":{\"@id\":\"https:\/\/iepac.mx\/revista-tu-voz\/?p=22\"},\"author\":{\"name\":\"admin\",\"@id\":\"https:\/\/iepac.mx\/revista-tu-voz\/#\/schema\/person\/794f6f5771e9f0a4d1fe61d463c2df7f\"},\"headline\":\"Democracia y redes sociales\",\"datePublished\":\"2023-02-09T20:02:34+00:00\",\"dateModified\":\"2023-12-20T23:05:23+00:00\",\"mainEntityOfPage\":{\"@id\":\"https:\/\/iepac.mx\/revista-tu-voz\/?p=22\"},\"wordCount\":283,\"commentCount\":0,\"publisher\":{\"@id\":\"https:\/\/iepac.mx\/revista-tu-voz\/#organization\"},\"articleSection\":[\"Comunidad\"],\"inLanguage\":\"es\",\"potentialAction\":[{\"@type\":\"CommentAction\",\"name\":\"Comment\",\"target\":[\"https:\/\/iepac.mx\/revista-tu-voz\/?p=22#respond\"]}]},{\"@type\":\"WebPage\",\"@id\":\"https:\/\/iepac.mx\/revista-tu-voz\/?p=22\",\"url\":\"https:\/\/iepac.mx\/revista-tu-voz\/?p=22\",\"name\":\"Democracia y redes sociales - Revista Ka T&#039;aan\",\"isPartOf\":{\"@id\":\"https:\/\/iepac.mx\/revista-tu-voz\/#website\"},\"datePublished\":\"2023-02-09T20:02:34+00:00\",\"dateModified\":\"2023-12-20T23:05:23+00:00\",\"breadcrumb\":{\"@id\":\"https:\/\/iepac.mx\/revista-tu-voz\/?p=22#breadcrumb\"},\"inLanguage\":\"es\",\"potentialAction\":[{\"@type\":\"ReadAction\",\"target\":[\"https:\/\/iepac.mx\/revista-tu-voz\/?p=22\"]}]},{\"@type\":\"BreadcrumbList\",\"@id\":\"https:\/\/iepac.mx\/revista-tu-voz\/?p=22#breadcrumb\",\"itemListElement\":[{\"@type\":\"ListItem\",\"position\":1,\"name\":\"Inicio\",\"item\":\"https:\/\/iepac.mx\/revista-tu-voz\"},{\"@type\":\"ListItem\",\"position\":2,\"name\":\"Democracia y redes sociales\"}]},{\"@type\":\"WebSite\",\"@id\":\"https:\/\/iepac.mx\/revista-tu-voz\/#website\",\"url\":\"https:\/\/iepac.mx\/revista-tu-voz\/\",\"name\":\"Revista Ka T&#039;aan\",\"description\":\"Un espacio donde se expresa Tu Voz\",\"publisher\":{\"@id\":\"https:\/\/iepac.mx\/revista-tu-voz\/#organization\"},\"potentialAction\":[{\"@type\":\"SearchAction\",\"target\":{\"@type\":\"EntryPoint\",\"urlTemplate\":\"https:\/\/iepac.mx\/revista-tu-voz\/?s={search_term_string}\"},\"query-input\":\"required name=search_term_string\"}],\"inLanguage\":\"es\"},{\"@type\":\"Organization\",\"@id\":\"https:\/\/iepac.mx\/revista-tu-voz\/#organization\",\"name\":\"Revista Ka T&#039;aan\",\"url\":\"https:\/\/iepac.mx\/revista-tu-voz\/\",\"logo\":{\"@type\":\"ImageObject\",\"inLanguage\":\"es\",\"@id\":\"https:\/\/iepac.mx\/revista-tu-voz\/#\/schema\/logo\/image\/\",\"url\":\"https:\/\/iepac.mx\/revista-tu-voz\/wp-content\/uploads\/2023\/02\/cropped-LOGO-KATAAN.png\",\"contentUrl\":\"https:\/\/iepac.mx\/revista-tu-voz\/wp-content\/uploads\/2023\/02\/cropped-LOGO-KATAAN.png\",\"width\":300,\"height\":138,\"caption\":\"Revista Ka T&#039;aan\"},\"image\":{\"@id\":\"https:\/\/iepac.mx\/revista-tu-voz\/#\/schema\/logo\/image\/\"}},{\"@type\":\"Person\",\"@id\":\"https:\/\/iepac.mx\/revista-tu-voz\/#\/schema\/person\/794f6f5771e9f0a4d1fe61d463c2df7f\",\"name\":\"admin\",\"image\":{\"@type\":\"ImageObject\",\"inLanguage\":\"es\",\"@id\":\"https:\/\/iepac.mx\/revista-tu-voz\/#\/schema\/person\/image\/\",\"url\":\"https:\/\/secure.gravatar.com\/avatar\/8c61b4efc75edc35627eb5f777325c9170d14c87c67d8c2e0d1bc212d89374bc?s=96&d=mm&r=g\",\"contentUrl\":\"https:\/\/secure.gravatar.com\/avatar\/8c61b4efc75edc35627eb5f777325c9170d14c87c67d8c2e0d1bc212d89374bc?s=96&d=mm&r=g\",\"caption\":\"admin\"},\"sameAs\":[\"https:\/\/iepac.mx\/revista-tu-voz\"],\"url\":\"https:\/\/iepac.mx\/revista-tu-voz\/?author=1\"}]}<\/script>\n<!-- \/ Yoast SEO plugin. -->","yoast_head_json":{"title":"Democracia y redes sociales - Revista Ka T&#039;aan","robots":{"index":"index","follow":"follow","max-snippet":"max-snippet:-1","max-image-preview":"max-image-preview:large","max-video-preview":"max-video-preview:-1"},"canonical":"https:\/\/iepac.mx\/revista-tu-voz\/?p=22","og_locale":"es_MX","og_type":"article","og_title":"Democracia y redes sociales - Revista Ka T&#039;aan","og_description":"Las redes sociales son una herramienta de comunicaci\u00f3n que puede ser \u00fatil, no s\u00f3lo para relajarse o crear comunidad, sino tambi\u00e9n para el libre ejercicio de los derechos pol\u00edticos y electorales. No obstante, informarse correctamente, con diversas fuentes m\u00e1s all\u00e1 de lo que ofrece la red, es esencial para evitar ser v\u00edctima de las denominadas [&hellip;]","og_url":"https:\/\/iepac.mx\/revista-tu-voz\/?p=22","og_site_name":"Revista Ka T&#039;aan","article_published_time":"2023-02-09T20:02:34+00:00","article_modified_time":"2023-12-20T23:05:23+00:00","og_image":[{"width":2560,"height":1709,"url":"https:\/\/iepac.mx\/revista-tu-voz\/wp-content\/uploads\/2023\/06\/pexels-leeloo-thefirst-5428836-scaled.jpg","type":"image\/jpeg"}],"author":"admin","twitter_card":"summary_large_image","twitter_misc":{"Escrito por":"admin","Tiempo de lectura":"2 minutos"},"schema":{"@context":"https:\/\/schema.org","@graph":[{"@type":"Article","@id":"https:\/\/iepac.mx\/revista-tu-voz\/?p=22#article","isPartOf":{"@id":"https:\/\/iepac.mx\/revista-tu-voz\/?p=22"},"author":{"name":"admin","@id":"https:\/\/iepac.mx\/revista-tu-voz\/#\/schema\/person\/794f6f5771e9f0a4d1fe61d463c2df7f"},"headline":"Democracia y redes sociales","datePublished":"2023-02-09T20:02:34+00:00","dateModified":"2023-12-20T23:05:23+00:00","mainEntityOfPage":{"@id":"https:\/\/iepac.mx\/revista-tu-voz\/?p=22"},"wordCount":283,"commentCount":0,"publisher":{"@id":"https:\/\/iepac.mx\/revista-tu-voz\/#organization"},"articleSection":["Comunidad"],"inLanguage":"es","potentialAction":[{"@type":"CommentAction","name":"Comment","target":["https:\/\/iepac.mx\/revista-tu-voz\/?p=22#respond"]}]},{"@type":"WebPage","@id":"https:\/\/iepac.mx\/revista-tu-voz\/?p=22","url":"https:\/\/iepac.mx\/revista-tu-voz\/?p=22","name":"Democracia y redes sociales - Revista Ka T&#039;aan","isPartOf":{"@id":"https:\/\/iepac.mx\/revista-tu-voz\/#website"},"datePublished":"2023-02-09T20:02:34+00:00","dateModified":"2023-12-20T23:05:23+00:00","breadcrumb":{"@id":"https:\/\/iepac.mx\/revista-tu-voz\/?p=22#breadcrumb"},"inLanguage":"es","potentialAction":[{"@type":"ReadAction","target":["https:\/\/iepac.mx\/revista-tu-voz\/?p=22"]}]},{"@type":"BreadcrumbList","@id":"https:\/\/iepac.mx\/revista-tu-voz\/?p=22#breadcrumb","itemListElement":[{"@type":"ListItem","position":1,"name":"Inicio","item":"https:\/\/iepac.mx\/revista-tu-voz"},{"@type":"ListItem","position":2,"name":"Democracia y redes sociales"}]},{"@type":"WebSite","@id":"https:\/\/iepac.mx\/revista-tu-voz\/#website","url":"https:\/\/iepac.mx\/revista-tu-voz\/","name":"Revista Ka T&#039;aan","description":"Un espacio donde se expresa Tu Voz","publisher":{"@id":"https:\/\/iepac.mx\/revista-tu-voz\/#organization"},"potentialAction":[{"@type":"SearchAction","target":{"@type":"EntryPoint","urlTemplate":"https:\/\/iepac.mx\/revista-tu-voz\/?s={search_term_string}"},"query-input":"required name=search_term_string"}],"inLanguage":"es"},{"@type":"Organization","@id":"https:\/\/iepac.mx\/revista-tu-voz\/#organization","name":"Revista Ka T&#039;aan","url":"https:\/\/iepac.mx\/revista-tu-voz\/","logo":{"@type":"ImageObject","inLanguage":"es","@id":"https:\/\/iepac.mx\/revista-tu-voz\/#\/schema\/logo\/image\/","url":"https:\/\/iepac.mx\/revista-tu-voz\/wp-content\/uploads\/2023\/02\/cropped-LOGO-KATAAN.png","contentUrl":"https:\/\/iepac.mx\/revista-tu-voz\/wp-content\/uploads\/2023\/02\/cropped-LOGO-KATAAN.png","width":300,"height":138,"caption":"Revista Ka T&#039;aan"},"image":{"@id":"https:\/\/iepac.mx\/revista-tu-voz\/#\/schema\/logo\/image\/"}},{"@type":"Person","@id":"https:\/\/iepac.mx\/revista-tu-voz\/#\/schema\/person\/794f6f5771e9f0a4d1fe61d463c2df7f","name":"admin","image":{"@type":"ImageObject","inLanguage":"es","@id":"https:\/\/iepac.mx\/revista-tu-voz\/#\/schema\/person\/image\/","url":"https:\/\/secure.gravatar.com\/avatar\/8c61b4efc75edc35627eb5f777325c9170d14c87c67d8c2e0d1bc212d89374bc?s=96&d=mm&r=g","contentUrl":"https:\/\/secure.gravatar.com\/avatar\/8c61b4efc75edc35627eb5f777325c9170d14c87c67d8c2e0d1bc212d89374bc?s=96&d=mm&r=g","caption":"admin"},"sameAs":["https:\/\/iepac.mx\/revista-tu-voz"],"url":"https:\/\/iepac.mx\/revista-tu-voz\/?author=1"}]}},"jetpack_featured_media_url":"https:\/\/iepac.mx\/revista-tu-voz\/wp-content\/uploads\/2023\/06\/pexels-leeloo-thefirst-5428836-scaled.jpg","_links":{"self":[{"href":"https:\/\/iepac.mx\/revista-tu-voz\/index.php?rest_route=\/wp\/v2\/posts\/22","targetHints":{"allow":["GET"]}}],"collection":[{"href":"https:\/\/iepac.mx\/revista-tu-voz\/index.php?rest_route=\/wp\/v2\/posts"}],"about":[{"href":"https:\/\/iepac.mx\/revista-tu-voz\/index.php?rest_route=\/wp\/v2\/types\/post"}],"author":[{"embeddable":true,"href":"https:\/\/iepac.mx\/revista-tu-voz\/index.php?rest_route=\/wp\/v2\/users\/1"}],"replies":[{"embeddable":true,"href":"https:\/\/iepac.mx\/revista-tu-voz\/index.php?rest_route=%2Fwp%2Fv2%2Fcomments&post=22"}],"version-history":[{"count":9,"href":"https:\/\/iepac.mx\/revista-tu-voz\/index.php?rest_route=\/wp\/v2\/posts\/22\/revisions"}],"predecessor-version":[{"id":781,"href":"https:\/\/iepac.mx\/revista-tu-voz\/index.php?rest_route=\/wp\/v2\/posts\/22\/revisions\/781"}],"wp:featuredmedia":[{"embeddable":true,"href":"https:\/\/iepac.mx\/revista-tu-voz\/index.php?rest_route=\/wp\/v2\/media\/492"}],"wp:attachment":[{"href":"https:\/\/iepac.mx\/revista-tu-voz\/index.php?rest_route=%2Fwp%2Fv2%2Fmedia&parent=22"}],"wp:term":[{"taxonomy":"category","embeddable":true,"href":"https:\/\/iepac.mx\/revista-tu-voz\/index.php?rest_route=%2Fwp%2Fv2%2Fcategories&post=22"},{"taxonomy":"post_tag","embeddable":true,"href":"https:\/\/iepac.mx\/revista-tu-voz\/index.php?rest_route=%2Fwp%2Fv2%2Ftags&post=22"}],"curies":[{"name":"wp","href":"https:\/\/api.w.org\/{rel}","templated":true}]}}